[{"@context":"https:\/\/schema.org\/","@type":"Article","@id":"https:\/\/www.doms.cz\/s-vyrizenim-pracovniho-urazu-byste-nemeli-otalet\/#Article","mainEntityOfPage":"https:\/\/www.doms.cz\/s-vyrizenim-pracovniho-urazu-byste-nemeli-otalet\/","headline":"S vy\u0159\u00edzen\u00edm pracovn\u00edho \u00farazu byste nem\u011bli ot\u00e1let","name":"S vy\u0159\u00edzen\u00edm pracovn\u00edho \u00farazu byste nem\u011bli ot\u00e1let","description":"M\u016f\u017ee se to st\u00e1t ka\u017ed\u00e9mu. Kdy\u017e se to stane, mus\u00ed se to neprodlen\u011b nahl\u00e1sit, ne\u017e [&hellip;]","datePublished":"2018-12-02","dateModified":"2018-12-02","author":{"@type":"Person","@id":"https:\/\/www.doms.cz\/author\/devene\/#Person","name":"devene","url":"https:\/\/www.doms.cz\/author\/devene\/","identifier":1,"image":{"@type":"ImageObject","@id":"https:\/\/secure.gravatar.com\/avatar\/d6cba3ab97c30e0df0e32548954cb6b1550f4672bd3a4687bf1118b122d757e8?s=96&d=mm&r=g","url":"https:\/\/secure.gravatar.com\/avatar\/d6cba3ab97c30e0df0e32548954cb6b1550f4672bd3a4687bf1118b122d757e8?s=96&d=mm&r=g","height":96,"width":96}},"publisher":{"@type":"Organization","name":"doms.cz","logo":{"@type":"ImageObject","@id":"\/logo.png","url":"\/logo.png","width":600,"height":60}},"image":{"@type":"ImageObject","@id":"https:\/\/www.doms.cz\/wp-content\/uploads\/img_a333345_w1696_t1546701838.jpg","url":"https:\/\/www.doms.cz\/wp-content\/uploads\/img_a333345_w1696_t1546701838.jpg","height":0,"width":0},"url":"https:\/\/www.doms.cz\/s-vyrizenim-pracovniho-urazu-byste-nemeli-otalet\/","about":["Zbo\u017e\u00ed"],"wordCount":448,"articleBody":"   M\u016f\u017ee se to st\u00e1t ka\u017ed\u00e9mu. Kdy\u017e se to stane, mus\u00ed se to neprodlen\u011b nahl\u00e1sit, ne\u017e bude pozd\u011b. \u0158e\u010d je o pracovn\u00edm \u00farazu, kter\u00fd je v na\u0161ich kon\u010din\u00e1ch pom\u011brn\u011b b\u011b\u017en\u00fd. Lid\u00e9 se s n\u00edm vypo\u0159\u00e1daj\u00ed v\u017edy po sv\u00e9m, a to bu\u010f formou n\u011bjak\u00e9ho od\u0161kodn\u011bn\u00ed nebo zkr\u00e1tka t\u00edm, \u017ee nikomu nic ne\u0159eknou. A\u0165 u\u017e je va\u0161e situace jak\u00e1koliv, m\u011bli byste si uv\u011bdomit to, \u017ee zam\u011bstnavatel m\u00e1 v\u017edy mo\u017enost od\u0161kodnit v\u00e1s, pokud se v\u00e1m p\u0159i pr\u00e1ci n\u011bco stane. Je p\u0159itom pom\u011brn\u011b lhostejn\u00e9, zdali \u0161lo o va\u0161i vinu nebo o vinu n\u011bjak\u00e9ho technick\u00e9ho probl\u00e9mu, za kter\u00fd jste vy prim\u00e1rn\u011b nemohli. Vy\u0159e\u0161te v\u0161e d\u0159\u00edve, ne\u017e bude pozd\u011b Abyste nemuseli \u0159e\u0161it nep\u0159\u00edjemnosti, kter\u00e9 plynou z toho, kdy\u017e se nikomu o sv\u00e9m probl\u00e9mu nezm\u00edn\u00edte, pak je dobr\u00e9 v\u0161e \u0159e\u0161it dostate\u010dn\u011b brzo. Stane se v\u00e1m nap\u0159\u00edklad n\u011bco s prstem, kter\u00fd v\u00e1s zpo\u010d\u00e1tku v\u016fbec nebol\u00ed, m\u011bli byste alespo\u0148 sv\u00e9mu nad\u0159\u00edzen\u00e9mu ozn\u00e1mit, \u017ee se n\u011bco stalo. Pokud by se toti\u017e v\u00e1\u0161 pracovn\u00ed \u00faraz n\u011bjak\u00fdm zp\u016fsobem zhor\u0161il, a to nap\u0159\u00edklad zan\u00edcen\u00edm a dal\u0161\u00edmi probl\u00e9my, ji\u017e by bylo pozd\u011b na to cokoliv \u0159e\u0161it. Proto je dobr\u00e9, by\u0165 se sebemen\u0161\u00ed hloupost\u00ed, v\u017edy j\u00edt za n\u011bk\u00fdm, kdo dok\u00e1\u017ee sepsat z\u00e1znam. N\u011bkdy toti\u017e ze zd\u00e1nliv\u011b ban\u00e1ln\u00edch \u00faraz\u016f m\u016f\u017ee vzniknout n\u011bco v\u011bt\u0161\u00edho, co\u017e n\u00e1sledn\u011b lze \u0159e\u0161it jen velmi st\u011b\u017e\u00ed. Obra\u0165te se na ty spr\u00e1vn\u00e9 Abyste nemuseli \u0159e\u0161it v\u0161echno sv\u00e9pomoc\u00ed, m\u00e1te ve sv\u00e9m zam\u011bstn\u00e1n\u00ed v\u017edy n\u011bkoho, kdo je v\u00e1m v t\u00e9to oblasti na bl\u00edzku. Kdy\u017e se v\u0161ak sna\u017e\u00edte v\u0161echno vy\u0159e\u0161it s osobou, kter\u00e1 v\u00e1m nen\u00ed nikterak n\u00e1pomocn\u00e1, pak je na \u010dase vyu\u017e\u00edt extern\u00ed pomoc. P\u0159\u00edkladem m\u016f\u017ee b\u00fdt n\u011bjak\u00e1 poradna, kter\u00e1 se t\u011bmito \u010dinnostmi zab\u00fdv\u00e1. Pro v\u00e1s to bude znamenat podporu, kterou v t\u00e9to oblasti m\u016f\u017eete z\u00edskat, a to nap\u0159\u00edklad tehdy, kdy\u017e nejste spokojen\u00ed s t\u00edm, jak\u00e9 jste dostali za sv\u016fj pracovn\u00ed \u00faraz od\u0161kodn\u011bn\u00ed. Jsou v\u0161ak i jin\u00e9 probl\u00e9my, kter\u00e9 p\u0159i vy\u0159izov\u00e1n\u00ed t\u00e9to v\u011bci mohou nastat: \u2013 Velmi dlouh\u00e1 doba vy\u0159izov\u00e1n\u00ed \u2013 Nevyplacen\u00ed od\u0161kodn\u00e9 \u010d\u00e1stky                                                                                                                                                                                                                                                                                                                                                                                         4.7\/5 - (3 votes)        "},{"@context":"https:\/\/schema.org\/","@type":"BreadcrumbList","itemListElement":[{"@type":"ListItem","position":1,"name":"S vy\u0159\u00edzen\u00edm pracovn\u00edho \u00farazu byste nem\u011bli ot\u00e1let","item":"https:\/\/www.doms.cz\/s-vyrizenim-pracovniho-urazu-byste-nemeli-otalet\/#breadcrumbitem"}]}]